{"id":7591,"date":"2017-05-28T19:03:26","date_gmt":"2017-05-28T19:03:26","guid":{"rendered":"http:\/\/www.nyalatours.com\/blog\/?p=7591"},"modified":"2017-05-28T19:03:26","modified_gmt":"2017-05-28T19:03:26","slug":"nyala-tours-en-el-foro-nature-watch","status":"publish","type":"post","link":"https:\/\/www.nyalatours.com\/blog\/nyala-tours-en-el-foro-nature-watch\/","title":{"rendered":"Nyala Tours en el foro \u2018Nature Watch\u2019"},"content":{"rendered":"<p><span style=\"font-family: verdana,geneva,sans-serif; font-size: 12pt;\"><strong>Nyala Tours<\/strong> particip\u00f3 el pasado fin de semana del 19 de mayo en el foro \u2018Nature watch\u2019 en Pola de Somiedo (Asturias) junto a todo tipo de personas, agencias de viajes y organizaciones interesadas en el avistamiento de fauna salvaje en Espa\u00f1a.<\/span><\/p>\n<p>&nbsp;<\/p>\n<figure id=\"attachment_7627\" aria-describedby=\"caption-attachment-7627\" style=\"width: 601px\" class=\"wp-caption aligncenter\"><a href=\"https:\/\/www.nyalatours.com\/blog\/wp-content\/uploads\/2017\/05\/oso-somiedo-Jorge-Jauregui.jpg\"><img fetchpriority=\"high\" decoding=\"async\" class=\"wp-image-7627\" src=\"https:\/\/www.nyalatours.com\/blog\/wp-content\/uploads\/2017\/05\/oso-somiedo-Jorge-Jauregui-1024x678.jpg\" alt=\"\" width=\"601\" height=\"398\" srcset=\"https:\/\/www.nyalatours.com\/blog\/wp-content\/uploads\/2017\/05\/oso-somiedo-Jorge-Jauregui-1024x678.jpg 1024w, https:\/\/www.nyalatours.com\/blog\/wp-content\/uploads\/2017\/05\/oso-somiedo-Jorge-Jauregui-300x199.jpg 300w, https:\/\/www.nyalatours.com\/blog\/wp-content\/uploads\/2017\/05\/oso-somiedo-Jorge-Jauregui-768x509.jpg 768w, https:\/\/www.nyalatours.com\/blog\/wp-content\/uploads\/2017\/05\/oso-somiedo-Jorge-Jauregui.jpg 1466w\" sizes=\"(max-width: 601px) 100vw, 601px\" \/><\/a><figcaption id=\"caption-attachment-7627\" class=\"wp-caption-text\"><span style=\"font-family: verdana,geneva,sans-serif; font-size: 12pt;\">\u00a9 Jorge J\u00e1uregui Campos<\/span><\/figcaption><\/figure>\n<p>&nbsp;<\/p>\n<p><span style=\"font-family: verdana,geneva,sans-serif; font-size: 12pt;\">El evento ha tenido la intenci\u00f3n de juntar a todas las partes interesadas en promover, mejorar y regular esta nueva actividad que est\u00e1 surgiendo en Espa\u00f1a como es la observaci\u00f3n en libertad de nuestra propia fauna.<\/span><\/p>\n<p>&nbsp;<\/p>\n<p><a href=\"https:\/\/www.nyalatours.com\/blog\/wp-content\/uploads\/2017\/05\/zorrro-somiedo-Asturias.jpg\"><img decoding=\"async\" class=\"aligncenter wp-image-7629\" src=\"https:\/\/www.nyalatours.com\/blog\/wp-content\/uploads\/2017\/05\/zorrro-somiedo-Asturias.jpg\" alt=\"\" width=\"601\" height=\"452\" srcset=\"https:\/\/www.nyalatours.com\/blog\/wp-content\/uploads\/2017\/05\/zorrro-somiedo-Asturias.jpg 998w, https:\/\/www.nyalatours.com\/blog\/wp-content\/uploads\/2017\/05\/zorrro-somiedo-Asturias-300x225.jpg 300w, https:\/\/www.nyalatours.com\/blog\/wp-content\/uploads\/2017\/05\/zorrro-somiedo-Asturias-768x577.jpg 768w\" sizes=\"(max-width: 601px) 100vw, 601px\" \/><\/a><\/p>\n<p><span style=\"font-family: verdana,geneva,sans-serif; font-size: 12pt;\">Es casi normal hoy en d\u00eda escuchar personas que viajan a ver animales salvajes en \u00c1frica, Am\u00e9rica y Asia y nos olvidamos que nuestro propio pa\u00eds tiene una fauna \u00fanica en el mundo que estamos empezando a descubrir con nuestros propios ojos.<\/span><\/p>\n<p><span style=\"font-family: verdana,geneva,sans-serif; font-size: 12pt;\">Curiosamente esta actividad empez\u00f3 a surgir recientemente gracias a turistas europeos amantes de la naturaleza que buscaban una experiencia directa con nuestra emblem\u00e1tica como el oso pardo, el lobo, el lince, el \u00e1guila imperial y el quebrantahuesos.<\/span><\/p>\n<p><span style=\"font-family: verdana,geneva,sans-serif; font-size: 12pt;\">Ahora, ya somos bastantes los espa\u00f1oles que estamos descubriendo estas nuevas posibilidades de tener un contacto directo con nuestra fauna en un entorno natural gracias a la protecci\u00f3n que se ha llevado a cabo desde hace a\u00f1os y que, ahora al haber un mayor n\u00famero de animales, permite que podamos hacer \u2018safaris\u2019 para verlos en libertad.<\/span><\/p>\n<p>&nbsp;<\/p>\n<p><a href=\"https:\/\/www.nyalatours.com\/blog\/wp-content\/uploads\/2017\/05\/somiedo-observaci\u00f3n-de-osos.jpg\"><img decoding=\"async\" class=\"aligncenter wp-image-7638\" src=\"https:\/\/www.nyalatours.com\/blog\/wp-content\/uploads\/2017\/05\/somiedo-observaci\u00f3n-de-osos.jpg\" alt=\"\" width=\"599\" height=\"450\" srcset=\"https:\/\/www.nyalatours.com\/blog\/wp-content\/uploads\/2017\/05\/somiedo-observaci\u00f3n-de-osos.jpg 998w, https:\/\/www.nyalatours.com\/blog\/wp-content\/uploads\/2017\/05\/somiedo-observaci\u00f3n-de-osos-300x225.jpg 300w, https:\/\/www.nyalatours.com\/blog\/wp-content\/uploads\/2017\/05\/somiedo-observaci\u00f3n-de-osos-768x577.jpg 768w\" sizes=\"(max-width: 599px) 100vw, 599px\" \/><\/a><\/p>\n<p>&nbsp;<\/p>\n<p><span style=\"font-family: verdana,geneva,sans-serif; font-size: 12pt;\">Este foro ha sido de gran ayuda para juntar a todas las partes y regular esta actividad que seguro va a tener cada vez m\u00e1s adeptos en los pr\u00f3ximos a\u00f1os.<\/span><\/p>\n<p><span style=\"font-family: verdana,geneva,sans-serif; font-size: 12pt;\">En <strong>Nyala Tours<\/strong> estamos valorando incluir estas actividades en nuestra propia programaci\u00f3n m\u00e1s que buscando un inter\u00e9s econ\u00f3mico, sobretodo en aportar nuestro granito de arena en la conservaci\u00f3n de nuestra propia fauna a trav\u00e9s del turismo.<\/span><\/p>\n<p><span style=\"font-family: verdana,geneva,sans-serif; font-size: 12pt;\">Con la observaci\u00f3n de nuestra fauna en libertad podemos contribuir a conservar nuestra riqueza natural creando ocupaciones econ\u00f3micas asociadas a esta actividad y d\u00e1ndole oportunidad a la naturaleza de convivir con nosotros.<\/span><\/p>\n<p>&nbsp;<\/p>\n<p><a href=\"https:\/\/www.nyalatours.com\/blog\/wp-content\/uploads\/2017\/05\/Somiedo-Pueblo-como-Obelix-y-Asterix.jpg\"><img loading=\"lazy\" decoding=\"async\" class=\"aligncenter wp-image-7632\" src=\"https:\/\/www.nyalatours.com\/blog\/wp-content\/uploads\/2017\/05\/Somiedo-Pueblo-como-Obelix-y-Asterix.jpg\" alt=\"\" width=\"600\" height=\"451\" srcset=\"https:\/\/www.nyalatours.com\/blog\/wp-content\/uploads\/2017\/05\/Somiedo-Pueblo-como-Obelix-y-Asterix.jpg 998w, https:\/\/www.nyalatours.com\/blog\/wp-content\/uploads\/2017\/05\/Somiedo-Pueblo-como-Obelix-y-Asterix-300x225.jpg 300w, https:\/\/www.nyalatours.com\/blog\/wp-content\/uploads\/2017\/05\/Somiedo-Pueblo-como-Obelix-y-Asterix-768x577.jpg 768w\" sizes=\"(max-width: 600px) 100vw, 600px\" \/><\/a><\/p>\n<p><span style=\"font-family: verdana,geneva,sans-serif; font-size: 12pt;\">Durante dos ma\u00f1anas los asistentes tuvimos la oportunidad de hacer salidas para buscar al oso pardo en varios miradores en plena monta\u00f1a, y para un amante de la naturaleza, ver por primera vez en libertad a un oso pardo en tu propio pa\u00eds, se te pone la piel de gallina, es una experiencia que realmente recomiendo.<\/span><\/p>\n<p>&nbsp;<\/p>\n<p>&nbsp;<\/p>\n<h3 class=\"tw-data-text tw-ta tw-text-medium\" dir=\"ltr\" data-placeholder=\"Translation\"><a href=\"https:\/\/www.nyalatours.com\/blog\/wp-content\/uploads\/2017\/05\/Somiedo-Asturias-salida-madrugada.jpg\"><img loading=\"lazy\" decoding=\"async\" class=\"aligncenter wp-image-7634\" src=\"https:\/\/www.nyalatours.com\/blog\/wp-content\/uploads\/2017\/05\/Somiedo-Asturias-salida-madrugada.jpg\" alt=\"\" width=\"600\" height=\"451\" srcset=\"https:\/\/www.nyalatours.com\/blog\/wp-content\/uploads\/2017\/05\/Somiedo-Asturias-salida-madrugada.jpg 998w, https:\/\/www.nyalatours.com\/blog\/wp-content\/uploads\/2017\/05\/Somiedo-Asturias-salida-madrugada-300x225.jpg 300w, https:\/\/www.nyalatours.com\/blog\/wp-content\/uploads\/2017\/05\/Somiedo-Asturias-salida-madrugada-768x577.jpg 768w\" sizes=\"(max-width: 600px) 100vw, 600px\" \/><\/a><\/h3>\n<div class=\"_Ejb\">\n<div id=\"tw-target\">\n<div id=\"tw-target-text-container\" class=\"tw-ta-container tw-nfl\">\n<h3 class=\"tw-data-text tw-ta tw-text-medium\" dir=\"ltr\" data-placeholder=\"Translation\"><\/h3>\n<h3 class=\"tw-data-text tw-ta tw-text-medium\" dir=\"ltr\" data-placeholder=\"Translation\"><\/h3>\n<h3 id=\"tw-target-text\" class=\"tw-data-text tw-ta tw-text-medium\" dir=\"ltr\" data-placeholder=\"Translation\"><span style=\"text-decoration: underline;\"><span lang=\"en\" style=\"font-family: verdana,geneva,sans-serif; color: #800000; text-decoration: underline;\">Nyala Tours in the &#8216;Nature Watch&#8217; Forum<\/span><\/span><\/h3>\n<\/div>\n<\/div>\n<\/div>\n<p id=\"tw-target-text\" class=\"tw-data-text tw-ta tw-text-small\" dir=\"ltr\" data-placeholder=\"Translation\"><span lang=\"en\" style=\"font-size: 12pt; font-family: verdana,geneva,sans-serif; color: #800000;\"><strong>Nyala Tours<\/strong> participated last weekend, on May 19th, at the &#8216;Nature watch&#8217; forum in Pola de Somiedo (Asturias) together with different kind of people, travel agencies and organizations interested in the sighting of wildlife in Spain. \u00a0<\/span><\/p>\n<figure id=\"attachment_7628\" aria-describedby=\"caption-attachment-7628\" style=\"width: 601px\" class=\"wp-caption aligncenter\"><a href=\"https:\/\/www.nyalatours.com\/blog\/wp-content\/uploads\/2017\/05\/oso-somiedo-Jauregui.jpg\"><img loading=\"lazy\" decoding=\"async\" class=\" wp-image-7628\" src=\"https:\/\/www.nyalatours.com\/blog\/wp-content\/uploads\/2017\/05\/oso-somiedo-Jauregui-1024x678.jpg\" alt=\"\" width=\"601\" height=\"398\" srcset=\"https:\/\/www.nyalatours.com\/blog\/wp-content\/uploads\/2017\/05\/oso-somiedo-Jauregui-1024x678.jpg 1024w, https:\/\/www.nyalatours.com\/blog\/wp-content\/uploads\/2017\/05\/oso-somiedo-Jauregui-300x199.jpg 300w, https:\/\/www.nyalatours.com\/blog\/wp-content\/uploads\/2017\/05\/oso-somiedo-Jauregui-768x509.jpg 768w, https:\/\/www.nyalatours.com\/blog\/wp-content\/uploads\/2017\/05\/oso-somiedo-Jauregui.jpg 1466w\" sizes=\"(max-width: 601px) 100vw, 601px\" \/><\/a><figcaption id=\"caption-attachment-7628\" class=\"wp-caption-text\"><span style=\"font-family: verdana,geneva,sans-serif; font-size: 12pt;\">\u00a9 Jorge J\u00e1uregui Campos<\/span><\/figcaption><\/figure>\n<p class=\"tw-data-text tw-ta tw-text-small\" dir=\"ltr\" data-placeholder=\"Translation\"><span lang=\"en\" style=\"font-size: 12pt; font-family: verdana,geneva,sans-serif; color: #800000;\">The event has been intended to bring together all interested parties to promote, improve and regulate this new activity that is emerging in Spain as is the wild observation of Spanish fauna. <\/span><\/p>\n<p class=\"tw-data-text tw-ta tw-text-small\" dir=\"ltr\" data-placeholder=\"Translation\"><span lang=\"en\" style=\"font-size: 12pt; font-family: verdana,geneva,sans-serif; color: #800000;\">It is almost normal today to hear people traveling to see wild animals in Africa, America and Asia and we forget that our own country has a unique fauna in the world that we are beginning to discover with our own eyes. <\/span><\/p>\n<p class=\"tw-data-text tw-ta tw-text-small\" dir=\"ltr\" data-placeholder=\"Translation\"><a href=\"https:\/\/www.nyalatours.com\/blog\/wp-content\/uploads\/2017\/05\/Cernicalo-comun-Somiedo-Asturias.jpg\"><img loading=\"lazy\" decoding=\"async\" class=\"aligncenter wp-image-7630\" src=\"https:\/\/www.nyalatours.com\/blog\/wp-content\/uploads\/2017\/05\/Cernicalo-comun-Somiedo-Asturias.jpg\" alt=\"\" width=\"600\" height=\"451\" srcset=\"https:\/\/www.nyalatours.com\/blog\/wp-content\/uploads\/2017\/05\/Cernicalo-comun-Somiedo-Asturias.jpg 998w, https:\/\/www.nyalatours.com\/blog\/wp-content\/uploads\/2017\/05\/Cernicalo-comun-Somiedo-Asturias-300x225.jpg 300w, https:\/\/www.nyalatours.com\/blog\/wp-content\/uploads\/2017\/05\/Cernicalo-comun-Somiedo-Asturias-768x577.jpg 768w\" sizes=\"(max-width: 600px) 100vw, 600px\" \/><\/a><\/p>\n<p class=\"tw-data-text tw-ta tw-text-small\" dir=\"ltr\" data-placeholder=\"Translation\"><span lang=\"en\" style=\"font-size: 12pt; font-family: verdana,geneva,sans-serif; color: #800000;\">Curiously, this activity began to emerge recently thanks to European tourists who love nature and look for a direct experience with our emblematic such as the brown bear, the wolf, the lynx, the imperial eagle and the bearded vulture or lammergeir. <\/span><\/p>\n<p class=\"tw-data-text tw-ta tw-text-small\" dir=\"ltr\" data-placeholder=\"Translation\"><span lang=\"en\" style=\"font-size: 12pt; font-family: verdana,geneva,sans-serif; color: #800000;\">Now there are enough Spanish people that are discovering these new possibilities of having a direct contact with our fauna in a natural environment thanks to the protection that has been carried out for years and that, now having a greater number of animals, allows us to go on &#8216;safaris&#8217; to see them in the wild. <\/span><\/p>\n<p class=\"tw-data-text tw-ta tw-text-small\" dir=\"ltr\" data-placeholder=\"Translation\"><a href=\"https:\/\/www.nyalatours.com\/blog\/wp-content\/uploads\/2017\/05\/listo-para-disparar-al-oso.jpg\"><img loading=\"lazy\" decoding=\"async\" class=\"aligncenter wp-image-7631\" src=\"https:\/\/www.nyalatours.com\/blog\/wp-content\/uploads\/2017\/05\/listo-para-disparar-al-oso.jpg\" alt=\"\" width=\"601\" height=\"452\" srcset=\"https:\/\/www.nyalatours.com\/blog\/wp-content\/uploads\/2017\/05\/listo-para-disparar-al-oso.jpg 998w, https:\/\/www.nyalatours.com\/blog\/wp-content\/uploads\/2017\/05\/listo-para-disparar-al-oso-300x225.jpg 300w, https:\/\/www.nyalatours.com\/blog\/wp-content\/uploads\/2017\/05\/listo-para-disparar-al-oso-768x577.jpg 768w\" sizes=\"(max-width: 601px) 100vw, 601px\" \/><\/a><\/p>\n<p class=\"tw-data-text tw-ta tw-text-small\" dir=\"ltr\" data-placeholder=\"Translation\"><span lang=\"en\" style=\"font-size: 12pt; font-family: verdana,geneva,sans-serif; color: #800000;\">This forum has been of great help to bring together all of the parties and to regulate this activity that is sure to have more and more followers in the next few years. <\/span><\/p>\n<p class=\"tw-data-text tw-ta tw-text-small\" dir=\"ltr\" data-placeholder=\"Translation\"><span lang=\"en\" style=\"font-size: 12pt; font-family: verdana,geneva,sans-serif; color: #800000;\">At <strong>Nyala Tours<\/strong> we are evalutating the posibility in including these activities in our own programs and, rather than looking for an economic interest, especially in contributing our grain of sand in the conservation of our own fauna through tourism. <\/span><\/p>\n<h3 class=\"tw-data-text tw-ta tw-text-medium\" dir=\"ltr\" data-placeholder=\"Translation\"><a href=\"https:\/\/www.nyalatours.com\/blog\/wp-content\/uploads\/2017\/05\/Tierra-del-oso-y-planta-que-come-en-verano.jpg\"><img loading=\"lazy\" decoding=\"async\" class=\"aligncenter wp-image-7637\" src=\"https:\/\/www.nyalatours.com\/blog\/wp-content\/uploads\/2017\/05\/Tierra-del-oso-y-planta-que-come-en-verano.jpg\" alt=\"\" width=\"601\" height=\"452\" srcset=\"https:\/\/www.nyalatours.com\/blog\/wp-content\/uploads\/2017\/05\/Tierra-del-oso-y-planta-que-come-en-verano.jpg 998w, https:\/\/www.nyalatours.com\/blog\/wp-content\/uploads\/2017\/05\/Tierra-del-oso-y-planta-que-come-en-verano-300x225.jpg 300w, https:\/\/www.nyalatours.com\/blog\/wp-content\/uploads\/2017\/05\/Tierra-del-oso-y-planta-que-come-en-verano-768x577.jpg 768w\" sizes=\"(max-width: 601px) 100vw, 601px\" \/><\/a><\/h3>\n<p class=\"tw-data-text tw-ta tw-text-small\" dir=\"ltr\" data-placeholder=\"Translation\"><span lang=\"en\" style=\"font-size: 12pt; font-family: verdana,geneva,sans-serif; color: #800000;\">With observation of our fauna in the wild we can contribute to conserve our natural wealth creating economic employment associated with this activity and giving opportunity for nature to coexist with us. <\/span><\/p>\n<h3 class=\"tw-data-text tw-ta tw-text-medium\" dir=\"ltr\" data-placeholder=\"Translation\"><a href=\"https:\/\/www.nyalatours.com\/blog\/wp-content\/uploads\/2017\/05\/Somiedo-Asturias-view-casa.jpg\"><img loading=\"lazy\" decoding=\"async\" class=\"aligncenter wp-image-7635\" src=\"https:\/\/www.nyalatours.com\/blog\/wp-content\/uploads\/2017\/05\/Somiedo-Asturias-view-casa.jpg\" alt=\"\" width=\"601\" height=\"452\" srcset=\"https:\/\/www.nyalatours.com\/blog\/wp-content\/uploads\/2017\/05\/Somiedo-Asturias-view-casa.jpg 998w, https:\/\/www.nyalatours.com\/blog\/wp-content\/uploads\/2017\/05\/Somiedo-Asturias-view-casa-300x225.jpg 300w, https:\/\/www.nyalatours.com\/blog\/wp-content\/uploads\/2017\/05\/Somiedo-Asturias-view-casa-768x577.jpg 768w\" sizes=\"(max-width: 601px) 100vw, 601px\" \/><\/a><\/h3>\n<p class=\"tw-data-text tw-ta tw-text-small\" dir=\"ltr\" data-placeholder=\"Translation\"><span lang=\"en\" style=\"font-size: 12pt; font-family: verdana,geneva,sans-serif; color: #800000;\">During two mornings the attendees had the opportunity to go out to look for the brown bear in several viewpoints in the middle of the mountain, and for nature lover, to see a brown bear for the first time in your own country, gives one goose bumps, it&#8217;s an experience I really do recommend.<\/span><\/p>\n<h4 style=\"text-align: center;\"><a href=\"https:\/\/www.nyalatours.com\/blog\/wp-content\/uploads\/2017\/05\/Somiedo-Asturias-madrugada-nature-and-village.jpg\"><img loading=\"lazy\" decoding=\"async\" class=\"aligncenter wp-image-7633\" src=\"https:\/\/www.nyalatours.com\/blog\/wp-content\/uploads\/2017\/05\/Somiedo-Asturias-madrugada-nature-and-village.jpg\" alt=\"\" width=\"410\" height=\"530\" srcset=\"https:\/\/www.nyalatours.com\/blog\/wp-content\/uploads\/2017\/05\/Somiedo-Asturias-madrugada-nature-and-village.jpg 580w, https:\/\/www.nyalatours.com\/blog\/wp-content\/uploads\/2017\/05\/Somiedo-Asturias-madrugada-nature-and-village-232x300.jpg 232w, https:\/\/www.nyalatours.com\/blog\/wp-content\/uploads\/2017\/05\/Somiedo-Asturias-madrugada-nature-and-village-300x388.jpg 300w\" sizes=\"(max-width: 410px) 100vw, 410px\" \/><\/a><\/h4>\n<h4 style=\"text-align: center;\"><a href=\"https:\/\/www.nyalatours.com\/blog\/wp-content\/uploads\/2017\/05\/Somiedo-Asturias-view.jpg\"><img loading=\"lazy\" decoding=\"async\" class=\"aligncenter wp-image-7636\" src=\"https:\/\/www.nyalatours.com\/blog\/wp-content\/uploads\/2017\/05\/Somiedo-Asturias-view.jpg\" alt=\"\" width=\"600\" height=\"451\" srcset=\"https:\/\/www.nyalatours.com\/blog\/wp-content\/uploads\/2017\/05\/Somiedo-Asturias-view.jpg 998w, https:\/\/www.nyalatours.com\/blog\/wp-content\/uploads\/2017\/05\/Somiedo-Asturias-view-300x225.jpg 300w, https:\/\/www.nyalatours.com\/blog\/wp-content\/uploads\/2017\/05\/Somiedo-Asturias-view-768x577.jpg 768w\" sizes=\"(max-width: 600px) 100vw, 600px\" \/><\/a><\/h4>\n<h4 style=\"text-align: center;\"><\/h4>\n<h4 style=\"text-align: center;\"><span style=\"font-size: 18pt;\"><a href=\"http:\/\/www.nyalatours.com\" target=\"_blank\" rel=\"noopener noreferrer\"><span style=\"color: #800000; font-family: arial, helvetica, sans-serif;\"><strong>www.<cite class=\"_Rm\">nyalatours<\/cite><cite class=\"_Rm\">.com<\/cite><\/strong><\/span><\/a><\/span><\/h4>\n<h4 style=\"text-align: center;\"><\/h4>\n<h4 style=\"text-align: center;\"><span style=\"color: #800000; font-family: arial, helvetica, sans-serif;\"><strong><br \/>\n<a style=\"color: #800000;\" href=\"http:\/\/www.nyalatours.com\"><img loading=\"lazy\" decoding=\"async\" class=\"aligncenter wp-image-4344\" src=\"https:\/\/www.nyalatours.com\/blog\/wp-content\/uploads\/2015\/11\/collagestudio.jpg\" alt=\"\" width=\"665\" height=\"133\" srcset=\"https:\/\/www.nyalatours.com\/blog\/wp-content\/uploads\/2015\/11\/collagestudio.jpg 1200w, https:\/\/www.nyalatours.com\/blog\/wp-content\/uploads\/2015\/11\/collagestudio-300x60.jpg 300w, https:\/\/www.nyalatours.com\/blog\/wp-content\/uploads\/2015\/11\/collagestudio-1024x205.jpg 1024w\" sizes=\"(max-width: 665px) 100vw, 665px\" \/><\/a><\/strong><\/span><\/h4>\n","protected":false},"excerpt":{"rendered":"<p>Nyala Tours particip\u00f3 el pasado fin de semana del 19 de mayo en el foro \u2018Nature watch\u2019 en Pola de Somiedo (Asturias) junto a todo tipo de personas, agencias de viajes y organizaciones interesadas en el avistamiento de fauna salvaje en Espa\u00f1a. &nbsp; &nbsp; El evento ha tenido la intenci\u00f3n de juntar a todas las partes interesadas en promover, mejorar&#8230;<\/p>\n","protected":false},"author":1,"featured_media":7627,"comment_status":"open","ping_status":"open","sticky":false,"template":"","format":"standard","meta":{"_acf_changed":false,"footnotes":""},"categories":[146,84,89,86,57],"tags":[],"class_list":["post-7591","post","type-post","status-publish","format-standard","has-post-thumbnail","hentry","category-espana-spain","category-fauna","category-fotografia","category-naturaleza","category-sobre-nyala-tours"],"acf":[],"aioseo_notices":[],"_links":{"self":[{"href":"https:\/\/www.nyalatours.com\/blog\/wp-json\/wp\/v2\/posts\/7591","targetHints":{"allow":["GET"]}}],"collection":[{"href":"https:\/\/www.nyalatours.com\/blog\/wp-json\/wp\/v2\/posts"}],"about":[{"href":"https:\/\/www.nyalatours.com\/blog\/wp-json\/wp\/v2\/types\/post"}],"author":[{"embeddable":true,"href":"https:\/\/www.nyalatours.com\/blog\/wp-json\/wp\/v2\/users\/1"}],"replies":[{"embeddable":true,"href":"https:\/\/www.nyalatours.com\/blog\/wp-json\/wp\/v2\/comments?post=7591"}],"version-history":[{"count":7,"href":"https:\/\/www.nyalatours.com\/blog\/wp-json\/wp\/v2\/posts\/7591\/revisions"}],"predecessor-version":[{"id":7640,"href":"https:\/\/www.nyalatours.com\/blog\/wp-json\/wp\/v2\/posts\/7591\/revisions\/7640"}],"wp:featuredmedia":[{"embeddable":true,"href":"https:\/\/www.nyalatours.com\/blog\/wp-json\/wp\/v2\/media\/7627"}],"wp:attachment":[{"href":"https:\/\/www.nyalatours.com\/blog\/wp-json\/wp\/v2\/media?parent=7591"}],"wp:term":[{"taxonomy":"category","embeddable":true,"href":"https:\/\/www.nyalatours.com\/blog\/wp-json\/wp\/v2\/categories?post=7591"},{"taxonomy":"post_tag","embeddable":true,"href":"https:\/\/www.nyalatours.com\/blog\/wp-json\/wp\/v2\/tags?post=7591"}],"curies":[{"name":"wp","href":"https:\/\/api.w.org\/{rel}","templated":true}]}}